{"id":6987,"date":"2019-11-28T16:42:31","date_gmt":"2019-11-28T15:42:31","guid":{"rendered":"https:\/\/esemdemi.it\/cosa-succede-nei-nostri-ristoranti-a-natale-e-a-capodanno-nel-2019\/"},"modified":"2019-11-28T17:22:10","modified_gmt":"2019-11-28T16:22:10","slug":"cosa-succede-nei-nostri-ristoranti-a-natale-e-a-capodanno-nel-2019","status":"publish","type":"post","link":"https:\/\/esemdemi.it\/de\/cosa-succede-nei-nostri-ristoranti-a-natale-e-a-capodanno-nel-2019\/","title":{"rendered":"Weihnachten und Silvester 2019: Was spielt sich bei uns ab?"},"content":{"rendered":"<p lang=\"de-DE\">Wir planen eine ganze Reihe von Events, mit denen wir in unseren Restaurants mit den G\u00e4sten auch in diesem Jahr wieder Weihnachten und Silvester feiern. Mit Weihnachtsfeiern, lockeren Mittagessen oder festlichen Dinners haben wir wohl f\u00fcr alle etwas im Angebot. Und trotz der Vielfalt bleibt eine Gemeinsamkeit: die Achtsamkeit, mit der wir uns um den Geschmack und die Qualit\u00e4t unserer Zutaten k\u00fcmmern, aber auch um unsere G\u00e4ste. Das sind Sie schlie\u00dflich von uns gewohnt.<\/p>\n<p lang=\"de-DE\">Also: Haben wir Sie neugierig darauf gemacht, was Sie erwartet? Dann lesen Sie weiter!<\/p>\n<p lang=\"de-DE\"><span style=\"font-family: Liberation Sans, sans-serif;\"><span style=\"font-size: large;\"><b>Heiligabend in der Tree Brasserie<\/b><\/span><\/span><\/p>\n<p lang=\"de-DE\">Gleiches Format, andere Location: Unsere Weihnachtsfeier an Heiligabend findet in diesem Jahr nicht wie gewohnt im Restaurant Zur Kaiserkron statt, sondern in der Tree Brasserie. Wie erwarten Sie dort, um mit Ihnen und einem Glas C\u00e0 del Bosco auf das bevorstehende Fest anzusto\u00dfen, ein paar H\u00e4ppchen zu teilen und die Qual der Wahl aus einer ganzen Reihe von Vorspeisen zu genie\u00dfen.<\/p>\n<p lang=\"de-DE\"><span style=\"font-family: Liberation Sans, sans-serif;\"><span style=\"font-size: large;\"><b>Weihnachtsessen in der Tree Brasserie<\/b><\/span><\/span><\/p>\n<p lang=\"de-DE\">Am Weihnachtstag steht das Mittagessen traditionell im Zeichen von Familie und Gesellschaft. Wir haben deshalb in der Tree Brasserie ein exklusives Mittagsmen\u00fc f\u00fcr Sie vorbereitet.<\/p>\n<p lang=\"de-DE\"><a href=\"https:\/\/treebrasserie.it\/de\/weihnachtsessen\/\" target=\"_blank\" rel=\"noopener noreferrer\">HIER GEHT\u2019S ZUM MEN\u00dc<\/a><\/p>\n<p lang=\"de-DE\"><span style=\"font-family: Liberation Sans, sans-serif;\"><span style=\"font-size: large;\"><b>Silvesterdinner in der Tree Brasserie<\/b><\/span><\/span><\/p>\n<p lang=\"de-DE\">Was gibt es Sch\u00f6neres, als dem alten Jahr mit einem Silvesterdinner Lebwohl zu sagen und das neue zu begr\u00fc\u00dfen? Noch dazu im ganz besonderen Ambiente der Tree Brasserie?<\/p>\n<p lang=\"de-DE\"><a href=\"https:\/\/treebrasserie.it\/de\/silvesterdinner\/\" target=\"_blank\" rel=\"noopener noreferrer\">HIER GEHT\u2019S ZUM MEN\u00dc<\/a><\/p>\n<p lang=\"de-DE\"><span style=\"font-family: Liberation Sans, sans-serif;\"><span style=\"font-size: large;\"><b>Silvesterdinner im Restaurant Zur Kaiserkron<\/b><\/span><\/span><\/p>\n<p lang=\"de-DE\">Das festliche Silvesterdinner im Restaurant Zur Kaiserkron hat Tradition.<\/p>\n<p><a href=\"https:\/\/zurkaiserkron.com\/de\/silvesterdinner-in-bozen\/\" target=\"_blank\" rel=\"noopener noreferrer\"><span lang=\"de-DE\">HIER GEHT\u2019S ZUM MEN\u00dc<\/span><\/a><\/p>\n","protected":false},"excerpt":{"rendered":"<p>Wir planen eine ganze Reihe von Events, mit denen wir in unseren Restaurants mit den G\u00e4sten auch in diesem Jahr wieder Weihnachten und Silvester&#8230;<\/p>\n","protected":false},"author":14,"featured_media":6984,"comment_status":"closed","ping_status":"closed","sticky":false,"template":"","format":"standard","meta":{"_acf_changed":false,"footnotes":""},"categories":[51],"tags":[],"class_list":{"0":"post-6987","1":"post","2":"type-post","3":"status-publish","4":"format-standard","5":"has-post-thumbnail","7":"category-news-de"},"acf":[],"_links":{"self":[{"href":"https:\/\/esemdemi.it\/de\/wp-json\/wp\/v2\/posts\/6987","targetHints":{"allow":["GET"]}}],"collection":[{"href":"https:\/\/esemdemi.it\/de\/wp-json\/wp\/v2\/posts"}],"about":[{"href":"https:\/\/esemdemi.it\/de\/wp-json\/wp\/v2\/types\/post"}],"author":[{"embeddable":true,"href":"https:\/\/esemdemi.it\/de\/wp-json\/wp\/v2\/users\/14"}],"replies":[{"embeddable":true,"href":"https:\/\/esemdemi.it\/de\/wp-json\/wp\/v2\/comments?post=6987"}],"version-history":[{"count":2,"href":"https:\/\/esemdemi.it\/de\/wp-json\/wp\/v2\/posts\/6987\/revisions"}],"predecessor-version":[{"id":6989,"href":"https:\/\/esemdemi.it\/de\/wp-json\/wp\/v2\/posts\/6987\/revisions\/6989"}],"wp:featuredmedia":[{"embeddable":true,"href":"https:\/\/esemdemi.it\/de\/wp-json\/wp\/v2\/media\/6984"}],"wp:attachment":[{"href":"https:\/\/esemdemi.it\/de\/wp-json\/wp\/v2\/media?parent=6987"}],"wp:term":[{"taxonomy":"category","embeddable":true,"href":"https:\/\/esemdemi.it\/de\/wp-json\/wp\/v2\/categories?post=6987"},{"taxonomy":"post_tag","embeddable":true,"href":"https:\/\/esemdemi.it\/de\/wp-json\/wp\/v2\/tags?post=6987"}],"curies":[{"name":"wp","href":"https:\/\/api.w.org\/{rel}","templated":true}]}}