{"id":6765,"date":"2019-03-28T09:03:30","date_gmt":"2019-03-28T08:03:30","guid":{"rendered":"https:\/\/esemdemi.it\/documentario-esemdemi"},"modified":"2019-06-04T16:30:42","modified_gmt":"2019-06-04T14:30:42","slug":"documentario-esemdemi","status":"publish","type":"post","link":"https:\/\/esemdemi.it\/de\/documentario-esemdemi\/","title":{"rendered":"Esemdem\u00ec 1.0"},"content":{"rendered":"[vc_row type=&#8220;in_container&#8220; full_screen_row_position=&#8220;middle&#8220; scene_position=&#8220;center&#8220; text_color=&#8220;light&#8220; text_align=&#8220;left&#8220; overlay_strength=&#8220;0.3&#8243; shape_divider_position=&#8220;bottom&#8220; bg_image_animation=&#8220;none&#8220; shape_type=&#8220;&#8220;][vc_column column_padding=&#8220;no-extra-padding&#8220; column_padding_position=&#8220;all&#8220; background_color_opacity=&#8220;1&#8243; background_hover_color_opacity=&#8220;1&#8243; column_link_target=&#8220;_self&#8220; column_shadow=&#8220;none&#8220; column_border_radius=&#8220;none&#8220; width=&#8220;1\/1&#8243; tablet_width_inherit=&#8220;default&#8220; tablet_text_alignment=&#8220;default&#8220; phone_text_alignment=&#8220;default&#8220; column_border_width=&#8220;none&#8220; column_border_style=&#8220;solid&#8220; bg_image_animation=&#8220;none&#8220;][vc_column_text]\n<h2>Il documentario che racconta il dietro le quinte del nostro nuovo progetto<\/h2>\n<p>Da qualche mese stiamo lavorando all&#8217;apertura di un food sharing ristorante e di un tapas bar con cui vogliamo arricchire l&#8217;offerta gastronomica bolzanina. I due nuovi locali vedranno la luce quest&#8217;anno, il primo nella tarda primavera e il secondo alla fine dell&#8217;estate.\u00a0Abbiamo pensato che un cortometraggio fosse il modo perfetto per iniziare a raccontarli e, allo stesso tempo, per raccontare qualcosa di noi. Esemdem\u00ec 1.0 \u00e8 nato in questo modo. Dentro ci abbiamo messo le nostre ambizioni, i nostri desideri e qualche ricordo personale, ma \u00e8 stata anche l&#8217;occasione per mettere a fuoco la nostra idea di gastronomia e riflettere su cosa significa fare ristorazione a Bolzano.<\/p>\n<p><iframe loading=\"lazy\" title=\"Esemdem\u00ec 1.0\" width=\"1080\" height=\"608\" src=\"https:\/\/www.youtube.com\/embed\/mYBcv_W-3k8?feature=oembed\" frameborder=\"0\" allow=\"accelerometer; autoplay; clipboard-write; encrypted-media; gyroscope; picture-in-picture; web-share\" allowfullscreen><\/iframe><\/p>\n[\/vc_column_text][\/vc_column][\/vc_row]\n","protected":false},"excerpt":{"rendered":"<p>[vc_row type=&#8220;in_container&#8220; full_screen_row_position=&#8220;middle&#8220; scene_position=&#8220;center&#8220; text_color=&#8220;light&#8220; text_align=&#8220;left&#8220; overlay_strength=&#8220;0.3&#8243; shape_divider_position=&#8220;bottom&#8220; bg_image_animation=&#8220;none&#8220; shape_type=&#8220;&#8220;][vc_column column_padding=&#8220;no-extra-padding&#8220; column_padding_position=&#8220;all&#8220; background_color_opacity=&#8220;1&#8243; background_hover_color_opacity=&#8220;1&#8243; column_link_target=&#8220;_self&#8220; column_shadow=&#8220;none&#8220; column_border_radius=&#8220;none&#8220; width=&#8220;1\/1&#8243; tablet_width_inherit=&#8220;default&#8220; tablet_text_alignment=&#8220;default&#8220; phone_text_alignment=&#8220;default&#8220; column_border_width=&#8220;none&#8220; column_border_style=&#8220;solid&#8220; bg_image_animation=&#8220;none&#8220;][vc_column_text]&#8230;<\/p>\n","protected":false},"author":14,"featured_media":6668,"comment_status":"closed","ping_status":"closed","sticky":false,"template":"","format":"standard","meta":{"_acf_changed":false,"footnotes":""},"categories":[51],"tags":[],"class_list":{"0":"post-6765","1":"post","2":"type-post","3":"status-publish","4":"format-standard","5":"has-post-thumbnail","7":"category-news-de"},"acf":[],"_links":{"self":[{"href":"https:\/\/esemdemi.it\/de\/wp-json\/wp\/v2\/posts\/6765","targetHints":{"allow":["GET"]}}],"collection":[{"href":"https:\/\/esemdemi.it\/de\/wp-json\/wp\/v2\/posts"}],"about":[{"href":"https:\/\/esemdemi.it\/de\/wp-json\/wp\/v2\/types\/post"}],"author":[{"embeddable":true,"href":"https:\/\/esemdemi.it\/de\/wp-json\/wp\/v2\/users\/14"}],"replies":[{"embeddable":true,"href":"https:\/\/esemdemi.it\/de\/wp-json\/wp\/v2\/comments?post=6765"}],"version-history":[{"count":1,"href":"https:\/\/esemdemi.it\/de\/wp-json\/wp\/v2\/posts\/6765\/revisions"}],"predecessor-version":[{"id":6766,"href":"https:\/\/esemdemi.it\/de\/wp-json\/wp\/v2\/posts\/6765\/revisions\/6766"}],"wp:featuredmedia":[{"embeddable":true,"href":"https:\/\/esemdemi.it\/de\/wp-json\/wp\/v2\/media\/6668"}],"wp:attachment":[{"href":"https:\/\/esemdemi.it\/de\/wp-json\/wp\/v2\/media?parent=6765"}],"wp:term":[{"taxonomy":"category","embeddable":true,"href":"https:\/\/esemdemi.it\/de\/wp-json\/wp\/v2\/categories?post=6765"},{"taxonomy":"post_tag","embeddable":true,"href":"https:\/\/esemdemi.it\/de\/wp-json\/wp\/v2\/tags?post=6765"}],"curies":[{"name":"wp","href":"https:\/\/api.w.org\/{rel}","templated":true}]}}